{"id":1464,"date":"2023-10-06T07:52:00","date_gmt":"2023-10-06T07:52:00","guid":{"rendered":"https:\/\/lari.themesawesome.com\/lari-ernennt-tom-lindemann-zum-neuen-generalsekretaer\/"},"modified":"2024-09-27T11:53:28","modified_gmt":"2024-09-27T11:53:28","slug":"lari-ernennt-tom-lindemann-zum-neuen-generalsekretaer","status":"publish","type":"post","link":"https:\/\/lari.lu\/de\/lari-ernennt-tom-lindemann-zum-neuen-generalsekretaer\/","title":{"rendered":"LARI ernennt Tom Lindemann zum neuen Generalsekret\u00e4r"},"content":{"rendered":"\n<p>Nach einer Interimsperiode von zwei Jahren hat LARI k\u00fcrzlich Tom Lindemann zum neuen Generalsekret\u00e4r ernannt, um seine Bem\u00fchungen zu verst\u00e4rken, ein Forschungsumfeld zu schaffen und zu erhalten, das verantwortungsvolle Praktiken f\u00f6rdert und eine Kultur der Integrit\u00e4t in der Forschung in allen wichtigen \u00f6ffentlichen Forschungseinrichtungen in Luxemburg verankert.\nDie meisten der in der \u00dcbergangszeit durchgef\u00fchrten Ma\u00dfnahmen konzentrierten sich auf die St\u00e4rkung der Pr\u00e4senz der LARI innerhalb des luxemburgischen Forschungsumfelds.\nSie umfassten die finanzielle Konsolidierung der A.S.B.L. und die Entwicklung einer Organisationsstrategie.\nEin neuer Fahrplan mit Betriebsverfahren beinhaltet unter anderem die Einrichtung monatlicher Treffen mit der Kommission f\u00fcr die Integrit\u00e4t der Forschung (CRI) &#8211; einem unabh\u00e4ngigen Gremium, das sich aus acht (8) renommierten internationalen Experten zusammensetzt, die einen neutralen, unvoreingenommenen und unparteiischen Ansatz bei allen von der CRI untersuchten F\u00e4llen anwenden.   <\/p>\n\n<p>Im Oktober 2022 w\u00e4hlten die f\u00fcnf Mitgliedseinrichtungen von LARI, d.h. die Universit\u00e4t Luxemburg, das Luxemburger Institut f\u00fcr Gesundheit, das Luxemburger Institut f\u00fcr Wissenschaft und Technologie, das Luxemburger Institut f\u00fcr sozio\u00f6konomische Forschung und der Luxemburger Nationale Forschungsfonds, einen neuen Verwaltungsrat, der sich aus drei hochqualifizierten Pers\u00f6nlichkeiten zusammensetzt, die intuitu personae f\u00fcr eine dreij\u00e4hrige Amtszeit ernannt wurden.\nJean-Claude Wiwinius ist Vorsitzender des Verwaltungsrats, Professor Babette Simon ist stellvertretende Vorsitzende des Verwaltungsrats und Professor John Scheid ist Mitglied des Verwaltungsrats.\nDer Verwaltungsrat, das CRI und der neue Generalsekret\u00e4r werden Hand in Hand arbeiten, um Luxemburgs Position als Vorreiter in Sachen Forschungsintegrit\u00e4t in Europa und weltweit zu st\u00e4rken.  <\/p>\n\n<p>Jean-Claude Wiwinius, sagt:  <em>&#8220; C&#8217;est avec un &#8222;lachendes und ein weinendes Auge&#8220; que les membres du Conseil d&#8217;Administration du LARI abord la deuxi\u00e8me ann\u00e9e de leur mise en place ; &#8220; lachend &#8222;, vu qu&#8217;ils ont r\u00e9ussi \u00e0 trouver un nouveau secr\u00e9taire g\u00e9n\u00e9ral en la personne de Tom Lindemann, dont les comp\u00e9tences sp\u00e9cifiques en mati\u00e8re d&#8217;int\u00e9grit\u00e9 de la recherche sont ind\u00e9niables ; &#8220; weinend &#8222;, da sie einen Freund verlieren, in der Person des Generalsekret\u00e4rs ad interim Asa\u00ebl Rouby, der dank seines Einf\u00fchlungsverm\u00f6gens, seiner Bereitschaft und seiner Kenntnisse ein erstes Jahr in der luxemburgischen Wissenschaftsszene erleben konnte, in dem sie nicht unter Druck standen. &#8222;<\/em><\/p>\n\n<p><em>&#8222;Ich m\u00f6chte dem Vorstand und den Gesch\u00e4ftsf\u00fchrern der f\u00fcnf Mitgliedsinstitute meine tiefe Dankbarkeit f\u00fcr ihre unersch\u00fctterliche Unterst\u00fctzung aussprechen.\nLARI ist eine Agentur wie keine andere, die auf dem starken Fundament von Integrit\u00e4t, Transparenz, ethischem Verhalten und strengen wissenschaftlichen Standards aufgebaut ist.\nUnsere gemeinsamen Werte werden von der unglaublichen LARI-Kommission (CRI) hochgehalten, die jetzt aus acht au\u00dfergew\u00f6hnlichen und weltweit angesehenen Mitgliedern besteht.\nMit ihrer starken Unterst\u00fctzung bin ich zuversichtlich, dass die LARI auch weiterhin bemerkenswerte Fortschritte bei der Verwirklichung unserer gemeinsamen Ziele f\u00fcr die Forschungslandschaft in Luxemburg machen wird.   <\/em>&#8220; Asa\u00ebl Rouby, ehemaliger Generalsekret\u00e4r ad interim<\/p>\n\n<p>Schlie\u00dflich hat die LARI ihr internationales Profil gest\u00e4rkt, indem sie einen erfahrenen Spezialisten als neuen Generalsekret\u00e4r eingestellt hat.\nTom Lindemann verf\u00fcgt \u00fcber ein umfangreiches Fachwissen auf dem Gebiet der Forschungsintegrit\u00e4t und -ethik.\nBevor er zu LARI kam, arbeitete er als Teamleiter im B\u00fcro des European Network of Research Ethics Committees (EUREC), wo er an mehreren EU-finanzierten Projekten zu Forschungsintegrit\u00e4t, Forschungsethik und verantwortungsvoller Forschung und Innovation beteiligt war.  <\/p>\n\n<p>Tom Lindemann, neuer Generalsekret\u00e4r der LARI, sagt:  <em>&#8222;Ich m\u00f6chte mich beim Board f\u00fcr das mir entgegengebrachte Vertrauen bedanken und freue mich sehr auf die neue berufliche Herausforderung.\nBereits in meiner vorherigen T\u00e4tigkeit ist mir Luxemburg mehrfach als gutes Beispiel im Bereich Research Integrity begegnet und ich bin zuversichtlich, dass das Land mit tatkr\u00e4ftiger Unterst\u00fctzung der LARI diese Position auch in Zukunft behalten und weiter ausbauen wird.\nMein Vorg\u00e4nger Asael Rouby und dessen Vorg\u00e4ngerin Katrina Bramstedt haben exzellente Vorarbeit geleistet und viele Entwicklungen angesto\u00dfen, die ich fortf\u00fchren und weiterentwickeln m\u00f6chte.\nInsbesondere freue ich mich auf die enge Zusammenarbeit mit dem CRI sowie dem LARI-Board und den LARI-Mitgliedsorganisationen.\nNeben der St\u00e4rkung der Research Integrity Governance in Luxemburg sowohl durch pr\u00e4ventive als auch investigative Ma\u00dfnahmen, liegt mir die europ\u00e4ische und internationale Vernetzung der LARI besonders am Herzen, um von der Expertise der globalen Research Integrity Community zu profitieren und LARI eine starke Stimme in dieser verleihen zu k\u00f6nnen.    <\/em>&#8222;<\/p>\n","protected":false},"excerpt":{"rendered":"<p>Nach einer Interimsperiode von zwei Jahren hat LARI k\u00fcrzlich Tom Lindemann zum neuen Generalsekret\u00e4r ernannt, um seine Bem\u00fchungen zu verst\u00e4rken, ein Forschungsumfeld zu schaffen und zu erhalten, das verantwortungsvolle Praktiken f\u00f6rdert und eine Kultur der Integrit\u00e4t in der Forschung in allen wichtigen \u00f6ffentlichen Forschungseinrichtungen in Luxemburg verankert. Die meisten der in der \u00dcbergangszeit durchgef\u00fchrten Ma\u00dfnahmen [&hellip;]<\/p>\n","protected":false},"author":2,"featured_media":1224,"comment_status":"open","ping_status":"open","sticky":false,"template":"","format":"standard","meta":{"_acf_changed":false,"footnotes":""},"categories":[10],"tags":[],"class_list":["post-1464","post","type-post","status-publish","format-standard","has-post-thumbnail","hentry","category-unkategorisiert"],"acf":[],"_links":{"self":[{"href":"https:\/\/lari.lu\/de\/wp-json\/wp\/v2\/posts\/1464","targetHints":{"allow":["GET"]}}],"collection":[{"href":"https:\/\/lari.lu\/de\/wp-json\/wp\/v2\/posts"}],"about":[{"href":"https:\/\/lari.lu\/de\/wp-json\/wp\/v2\/types\/post"}],"author":[{"embeddable":true,"href":"https:\/\/lari.lu\/de\/wp-json\/wp\/v2\/users\/2"}],"replies":[{"embeddable":true,"href":"https:\/\/lari.lu\/de\/wp-json\/wp\/v2\/comments?post=1464"}],"version-history":[{"count":1,"href":"https:\/\/lari.lu\/de\/wp-json\/wp\/v2\/posts\/1464\/revisions"}],"predecessor-version":[{"id":1465,"href":"https:\/\/lari.lu\/de\/wp-json\/wp\/v2\/posts\/1464\/revisions\/1465"}],"wp:featuredmedia":[{"embeddable":true,"href":"https:\/\/lari.lu\/de\/wp-json\/wp\/v2\/media\/1224"}],"wp:attachment":[{"href":"https:\/\/lari.lu\/de\/wp-json\/wp\/v2\/media?parent=1464"}],"wp:term":[{"taxonomy":"category","embeddable":true,"href":"https:\/\/lari.lu\/de\/wp-json\/wp\/v2\/categories?post=1464"},{"taxonomy":"post_tag","embeddable":true,"href":"https:\/\/lari.lu\/de\/wp-json\/wp\/v2\/tags?post=1464"}],"curies":[{"name":"wp","href":"https:\/\/api.w.org\/{rel}","templated":true}]}}